{"id":865,"date":"2023-02-20T00:01:00","date_gmt":"2023-02-19T23:01:00","guid":{"rendered":"http:\/\/1932works.be\/?p=865"},"modified":"2023-03-18T16:43:01","modified_gmt":"2023-03-18T15:43:01","slug":"dovy-keukens-retente-une-demande-de-permis-de-batir","status":"publish","type":"post","link":"https:\/\/1932works.be\/nl\/2023\/02\/20\/dovy-keukens-retente-une-demande-de-permis-de-batir\/","title":{"rendered":"Dovy Keukens vraagt opnieuw een bouwvergunning aan!"},"content":{"rendered":"<figure class=\"wp-block-image size-large is-style-rounded\"><img loading=\"lazy\" decoding=\"async\" width=\"724\" height=\"382\" src=\"http:\/\/1932works.be\/wp-content\/uploads\/2023\/02\/Dovy.jpg\" alt=\"\" class=\"wp-image-867\" srcset=\"https:\/\/1932works.be\/wp-content\/uploads\/2023\/02\/Dovy.jpg 724w, https:\/\/1932works.be\/wp-content\/uploads\/2023\/02\/Dovy-300x158.jpg 300w, https:\/\/1932works.be\/wp-content\/uploads\/2023\/02\/Dovy-16x8.jpg 16w\" sizes=\"auto, (max-width: 724px) 100vw, 724px\" \/><\/figure>\n\n\n\n<p>Het oorspronkelijk project werd verworpen na talrijke bezwaarschriften van omwonenden. Het gaat om de parkeerplaatsen tussen de tuinen en de Woluwedal.<\/p>\n\n\n\n<p>Dovy Keukens laat het er niet bij zitten en plant een ondergrondse parkeergarage met een groen dak en nooduitgangstrappen.<\/p>\n\n\n\n<p>De termijn voor een <em>bezwaarschrift<\/em> is op 25\/2\/23, via de volgende link:<\/p>\n\n\n\n<p><a href=\"https:\/\/omgevingsloketpubliek.omgeving.vlaanderen.be\/?openbaaronderzoek#openbaaronderzoek\/projectuuid=IWTcrMf1QXmXkv6Rtkj7bQ\">https:\/\/omgevingsloketpubliek.omgeving.vlaanderen.be\/?openbaaronderzoek#openbaaronderzoek\/projectuuid=IWTcrMf1QXmXkv6Rtkj7bQ<\/a><\/p>\n\n\n\n<p><\/p>\n<!-- AddThis Advanced Settings generic via filter on the_content -->","protected":false},"excerpt":{"rendered":"<p>Le projet initial a \u00e9t\u00e9 refus\u00e9 suite \u00e0 de nombreuses r\u00e9clamations d&rsquo;habitants. En cause: parkings entre les jardins et le Boulevard de la Woluwe. Dovy Keukens ne lache pas prise et pr\u00e9voit une parking sous-terrain avec toiture v\u00e9g\u00e9talis\u00e9e et escalier issue de secours. L&rsquo;\u00e9ch\u00e9ance pour un bezwaarschrift est le 25\/2\/23 , par le lien suivant: &hellip; <\/p>\n<p class=\"link-more\"><a href=\"https:\/\/1932works.be\/nl\/2023\/02\/20\/dovy-keukens-retente-une-demande-de-permis-de-batir\/\" class=\"more-link\">Lees verder <span class=\"screen-reader-text\">\u00ab\u00a0Dovy Keukens retente une demande de permis de b\u00e2tir !\u00a0\u00bb<\/span><\/a><\/p>\n<p><!-- AddThis Advanced Settings generic via filter on get_the_excerpt --><\/p>","protected":false},"author":1,"featured_media":0,"comment_status":"open","ping_status":"open","sticky":false,"template":"","format":"standard","meta":{"footnotes":""},"categories":[1],"tags":[],"class_list":["post-865","post","type-post","status-publish","format-standard","hentry","category-non-classe"],"aioseo_notices":[],"_links":{"self":[{"href":"https:\/\/1932works.be\/nl\/wp-json\/wp\/v2\/posts\/865","targetHints":{"allow":["GET"]}}],"collection":[{"href":"https:\/\/1932works.be\/nl\/wp-json\/wp\/v2\/posts"}],"about":[{"href":"https:\/\/1932works.be\/nl\/wp-json\/wp\/v2\/types\/post"}],"author":[{"embeddable":true,"href":"https:\/\/1932works.be\/nl\/wp-json\/wp\/v2\/users\/1"}],"replies":[{"embeddable":true,"href":"https:\/\/1932works.be\/nl\/wp-json\/wp\/v2\/comments?post=865"}],"version-history":[{"count":3,"href":"https:\/\/1932works.be\/nl\/wp-json\/wp\/v2\/posts\/865\/revisions"}],"predecessor-version":[{"id":873,"href":"https:\/\/1932works.be\/nl\/wp-json\/wp\/v2\/posts\/865\/revisions\/873"}],"wp:attachment":[{"href":"https:\/\/1932works.be\/nl\/wp-json\/wp\/v2\/media?parent=865"}],"wp:term":[{"taxonomy":"category","embeddable":true,"href":"https:\/\/1932works.be\/nl\/wp-json\/wp\/v2\/categories?post=865"},{"taxonomy":"post_tag","embeddable":true,"href":"https:\/\/1932works.be\/nl\/wp-json\/wp\/v2\/tags?post=865"}],"curies":[{"name":"wp","href":"https:\/\/api.w.org\/{rel}","templated":true}]}}