{"id":665,"date":"2021-03-14T23:05:32","date_gmt":"2021-03-14T22:05:32","guid":{"rendered":"http:\/\/1932works.be\/?p=665"},"modified":"2021-03-15T23:09:59","modified_gmt":"2021-03-15T22:09:59","slug":"la-fraction-union-des-francophones-exige-un-audit-interne","status":"publish","type":"post","link":"https:\/\/1932works.be\/nl\/2021\/03\/14\/la-fraction-union-des-francophones-exige-un-audit-interne\/","title":{"rendered":"De fractie \"Union des Francophones\" eist een audit van de dienst ruimtelijke ordening Zaventem."},"content":{"rendered":"<p>Tijdens de gemeenteraad van 1 maart heeft de fractie U.F. (Union de francophones) een interne audit ge\u00ebist van de dienst ruimtelijke ordening van onze gemeente.<br \/>\nDe fractie U.F. is meer en meer ontevreden over de manier waarop openbare procedures behandeld worden door de gemeente. Er zijn volgens U.F. tenminste 3 procedures lopende tegen de gemeente. Dit betreft inwoners die niet gehoord worden. Voorbeeld: project voor de parking aan de Tiendeschuurveld.<br \/>\nU kan het debat volgen op :<br \/>\n<iframe loading=\"lazy\" title=\"Gemeenteraad Zaventem (1 maart 2021)\" width=\"525\" height=\"295\" src=\"https:\/\/www.youtube.com\/embed\/hq-ACswRFVU?feature=oembed\" frameborder=\"0\" allow=\"accelerometer; autoplay; clipboard-write; encrypted-media; gyroscope; picture-in-picture; web-share\" referrerpolicy=\"strict-origin-when-cross-origin\" allowfullscreen><\/iframe><br \/>\n( de tijdcursor schuiven op 2uur , 4 minuten 30 seconden).<\/p>\n<p>1932works kan het initiatief van U.F. alleen maar toejuichen !<\/p>\n<p>&nbsp;<\/p>\n<!-- AddThis Advanced Settings generic via filter on the_content -->","protected":false},"excerpt":{"rendered":"<p>Lors du conseil communal du 1er mars, l&rsquo;U.F. (L&rsquo;Union des Francophones) a exig\u00e9 un audit interne du service d&rsquo;urbanisme de Zaventem. L&rsquo;U.F. est de plus en plus m\u00e9content de la mani\u00e8re dont les enqu\u00eates publiques sont g\u00e9r\u00e9es par le coll\u00e8ge. Il y a, selon U.F. au moins 3 procedures en appel contre la commune. Cela &hellip; <\/p>\n<p class=\"link-more\"><a href=\"https:\/\/1932works.be\/nl\/2021\/03\/14\/la-fraction-union-des-francophones-exige-un-audit-interne\/\" class=\"more-link\">Lees verder <span class=\"screen-reader-text\">\u00ab\u00a0La fraction Union des Francophones exige un audit interne\u00a0\u00bb<\/span><\/a><\/p>\n<p><!-- AddThis Advanced Settings generic via filter on get_the_excerpt --><\/p>","protected":false},"author":1,"featured_media":0,"comment_status":"open","ping_status":"open","sticky":false,"template":"","format":"standard","meta":{"footnotes":""},"categories":[1],"tags":[],"class_list":["post-665","post","type-post","status-publish","format-standard","hentry","category-non-classe"],"aioseo_notices":[],"_links":{"self":[{"href":"https:\/\/1932works.be\/nl\/wp-json\/wp\/v2\/posts\/665","targetHints":{"allow":["GET"]}}],"collection":[{"href":"https:\/\/1932works.be\/nl\/wp-json\/wp\/v2\/posts"}],"about":[{"href":"https:\/\/1932works.be\/nl\/wp-json\/wp\/v2\/types\/post"}],"author":[{"embeddable":true,"href":"https:\/\/1932works.be\/nl\/wp-json\/wp\/v2\/users\/1"}],"replies":[{"embeddable":true,"href":"https:\/\/1932works.be\/nl\/wp-json\/wp\/v2\/comments?post=665"}],"version-history":[{"count":4,"href":"https:\/\/1932works.be\/nl\/wp-json\/wp\/v2\/posts\/665\/revisions"}],"predecessor-version":[{"id":670,"href":"https:\/\/1932works.be\/nl\/wp-json\/wp\/v2\/posts\/665\/revisions\/670"}],"wp:attachment":[{"href":"https:\/\/1932works.be\/nl\/wp-json\/wp\/v2\/media?parent=665"}],"wp:term":[{"taxonomy":"category","embeddable":true,"href":"https:\/\/1932works.be\/nl\/wp-json\/wp\/v2\/categories?post=665"},{"taxonomy":"post_tag","embeddable":true,"href":"https:\/\/1932works.be\/nl\/wp-json\/wp\/v2\/tags?post=665"}],"curies":[{"name":"wp","href":"https:\/\/api.w.org\/{rel}","templated":true}]}}