{"id":327,"date":"2019-05-30T16:11:37","date_gmt":"2019-05-30T14:11:37","guid":{"rendered":"http:\/\/1932works.be\/?p=327"},"modified":"2020-11-22T13:52:39","modified_gmt":"2020-11-22T12:52:39","slug":"la-vandamstraat-devient-un-route-privee","status":"publish","type":"post","link":"https:\/\/1932works.be\/nl\/2019\/05\/30\/la-vandamstraat-devient-un-route-privee\/","title":{"rendered":"Slalom in de Vandamstraat"},"content":{"rendered":"<p>Het verkeer richting Woluwedal wordt ingewikkelder voor de inwoners.<\/p>\n<p>In de Vandamstraat zal namelijk een gebrek aan parking zijn naast een kribbe met 100 plaatsen, de grootste van Vlaanderen.<\/p>\n<p>Verkeer zal moeilijk kunnen kruisen tussen geparkeerde wagens.<\/p>\n<p><img loading=\"lazy\" decoding=\"async\" class=\"alignnone size-full wp-image-319\" src=\"http:\/\/1932works.be\/wp-content\/uploads\/2019\/05\/private-road.jpg\" alt=\"\" width=\"480\" height=\"640\" srcset=\"https:\/\/1932works.be\/wp-content\/uploads\/2019\/05\/private-road.jpg 480w, https:\/\/1932works.be\/wp-content\/uploads\/2019\/05\/private-road-225x300.jpg 225w\" sizes=\"auto, (max-width: 480px) 100vw, 480px\" \/><\/p>\n<p>De gemeente zou deze straat logischerwijs moeten aanpassen tot een eenrichtingsstraat. In dat geval is er dan is er sterke tegenstand van de lokale bevolking die de Aldi-vrachtwagens en klanten niet door hun straten wil zien passeren.<\/p>\n<p>De dader is VERAC, een vastgoedontwikkelingsbureau beheerd door de zoon van onze voormalige burgemeester. De schade is aangericht: 100 appartementen + een woonzorgcentrum met ongeveer 100 kamers voor slechts 23 parkeerplaatsen in het gebouw.<\/p>\n<p><img loading=\"lazy\" decoding=\"async\" class=\"alignnone size-full wp-image-323\" src=\"http:\/\/1932works.be\/wp-content\/uploads\/2019\/05\/weg-loopt-dood.jpg\" alt=\"\" width=\"497\" height=\"261\" srcset=\"https:\/\/1932works.be\/wp-content\/uploads\/2019\/05\/weg-loopt-dood.jpg 497w, https:\/\/1932works.be\/wp-content\/uploads\/2019\/05\/weg-loopt-dood-300x158.jpg 300w\" sizes=\"auto, (max-width: 497px) 100vw, 497px\" \/><\/p>\n<p>Wij betreuren een gebrek aan communicatie vanuit de gemeente over dit onderwerp.<\/p>\n<p><img loading=\"lazy\" decoding=\"async\" class=\"alignnone size-full wp-image-320\" src=\"http:\/\/1932works.be\/wp-content\/uploads\/2019\/05\/road-block-small.jpg\" alt=\"\" width=\"400\" height=\"533\" srcset=\"https:\/\/1932works.be\/wp-content\/uploads\/2019\/05\/road-block-small.jpg 400w, https:\/\/1932works.be\/wp-content\/uploads\/2019\/05\/road-block-small-225x300.jpg 225w\" sizes=\"auto, (max-width: 400px) 100vw, 400px\" \/><\/p>\n<p>&nbsp;<\/p>\n<!-- AddThis Advanced Settings generic via filter on the_content -->","protected":false},"excerpt":{"rendered":"<p>La circulation vers le boulevard de la Woluwe sera plus compliqu\u00e9e pour les habitants. En effet, il y aura un manque de parking \u00e0 la Vandamstraat en plus d&rsquo;un cr\u00e8che de 100 places, la plus importante de Flandre. Vous le constaterez, il sera difficile de se croiser. La commune devrait logiquement transformer cette rue en &hellip; <\/p>\n<p class=\"link-more\"><a href=\"https:\/\/1932works.be\/nl\/2019\/05\/30\/la-vandamstraat-devient-un-route-privee\/\" class=\"more-link\">Lees verder <span class=\"screen-reader-text\">\u00ab\u00a0Slalom dans la Vandamstraat.\u00a0\u00bb<\/span><\/a><\/p>\n<p><!-- AddThis Advanced Settings generic via filter on get_the_excerpt --><\/p>","protected":false},"author":1,"featured_media":0,"comment_status":"open","ping_status":"open","sticky":false,"template":"","format":"standard","meta":{"footnotes":""},"categories":[1],"tags":[],"class_list":["post-327","post","type-post","status-publish","format-standard","hentry","category-non-classe"],"aioseo_notices":[],"_links":{"self":[{"href":"https:\/\/1932works.be\/nl\/wp-json\/wp\/v2\/posts\/327","targetHints":{"allow":["GET"]}}],"collection":[{"href":"https:\/\/1932works.be\/nl\/wp-json\/wp\/v2\/posts"}],"about":[{"href":"https:\/\/1932works.be\/nl\/wp-json\/wp\/v2\/types\/post"}],"author":[{"embeddable":true,"href":"https:\/\/1932works.be\/nl\/wp-json\/wp\/v2\/users\/1"}],"replies":[{"embeddable":true,"href":"https:\/\/1932works.be\/nl\/wp-json\/wp\/v2\/comments?post=327"}],"version-history":[{"count":7,"href":"https:\/\/1932works.be\/nl\/wp-json\/wp\/v2\/posts\/327\/revisions"}],"predecessor-version":[{"id":422,"href":"https:\/\/1932works.be\/nl\/wp-json\/wp\/v2\/posts\/327\/revisions\/422"}],"wp:attachment":[{"href":"https:\/\/1932works.be\/nl\/wp-json\/wp\/v2\/media?parent=327"}],"wp:term":[{"taxonomy":"category","embeddable":true,"href":"https:\/\/1932works.be\/nl\/wp-json\/wp\/v2\/categories?post=327"},{"taxonomy":"post_tag","embeddable":true,"href":"https:\/\/1932works.be\/nl\/wp-json\/wp\/v2\/tags?post=327"}],"curies":[{"name":"wp","href":"https:\/\/api.w.org\/{rel}","templated":true}]}}