{"id":1380,"date":"2024-10-15T20:31:11","date_gmt":"2024-10-15T18:31:11","guid":{"rendered":"https:\/\/1932works.be\/?p=1380"},"modified":"2024-10-15T20:59:14","modified_gmt":"2024-10-15T18:59:14","slug":"zaventem-aussi-ira-au-conseil-detat","status":"publish","type":"post","link":"https:\/\/1932works.be\/nl\/2024\/10\/15\/zaventem-aussi-ira-au-conseil-detat\/","title":{"rendered":"Zaventem zou ook naar Raad voor Vergunningsbetwistingen gaan !"},"content":{"rendered":"<p>1932Works en Sterrebeek2000 hadden op 15\/10\/24 een spoedvergadering met de schepen van ruimtelijke ordening, Bart Dewandeleer, CD&amp;V. Hij informeert net zo verbaasd te zijn als wij dat de projectontwikkelaar zijn vergunning in hoger beroep heeft. Op het college van maandag 21\/10 wordt beslist of Zaventem een advocatenkantoor zal inhuren om naar de Raad voor Vergunningsbetwistingen te stappen.<\/p>\n\n\n\n<p>Onze \"1932Works-experts\" blijven een beetje wantrouwig en doen liever een beroep op een advocatenkantoor dat onafhankelijk is van de gemeente.<\/p>\n\n\n\n<p>Binnenkort meer informatie voor mogelijke fondsenwerving.<\/p>\n\n\n<style>.kb-image1380_6a0a51-20 .kb-image-has-overlay:after{opacity:0.3;}<\/style>\n<div class=\"wp-block-kadence-image kb-image1380_6a0a51-20\"><figure class=\"aligncenter size-medium\"><img loading=\"lazy\" decoding=\"async\" width=\"300\" height=\"178\" src=\"https:\/\/1932works.be\/wp-content\/uploads\/2024\/10\/Raad-vVB-300x178.jpg\" alt=\"\" class=\"kb-img wp-image-1382\" srcset=\"https:\/\/1932works.be\/wp-content\/uploads\/2024\/10\/Raad-vVB-300x178.jpg 300w, https:\/\/1932works.be\/wp-content\/uploads\/2024\/10\/Raad-vVB-18x12.jpg 18w, https:\/\/1932works.be\/wp-content\/uploads\/2024\/10\/Raad-vVB.jpg 597w\" sizes=\"auto, (max-width: 300px) 100vw, 300px\" \/><\/figure><\/div>\n<!-- AddThis Advanced Settings generic via filter on the_content -->","protected":false},"excerpt":{"rendered":"<p>1932Works et Sterrebeek2000 ont rencontr\u00e9 le 15\/10\/24 en urgence l&rsquo;\u00e9chevin \u00e0 l&rsquo;urbanisme, Bart Dewandeleer, CD&amp;V. Il affirme \u00eatre tout autant surpris que nous que le promoteur a son permis en appel. Lors du conseil des \u00e9chevins lundi 21\/10 il sera d\u00e9cid\u00e9 si Zaventem fera appel \u00e0 un cabinet d&rsquo;avocats pour aller au Conseil d&rsquo;Etat. Nos &hellip; <\/p>\n<p class=\"link-more\"><a href=\"https:\/\/1932works.be\/nl\/2024\/10\/15\/zaventem-aussi-ira-au-conseil-detat\/\" class=\"more-link\">Lees verder <span class=\"screen-reader-text\">\u00ab\u00a0Zaventem aussi irait au conseil d&rsquo;\u00e9tat !\u00a0\u00bb<\/span><\/a><\/p>\n<p><!-- AddThis Advanced Settings generic via filter on get_the_excerpt --><\/p>","protected":false},"author":1,"featured_media":0,"comment_status":"open","ping_status":"open","sticky":false,"template":"","format":"standard","meta":{"footnotes":""},"categories":[1],"tags":[],"class_list":["post-1380","post","type-post","status-publish","format-standard","hentry","category-non-classe"],"aioseo_notices":[],"_links":{"self":[{"href":"https:\/\/1932works.be\/nl\/wp-json\/wp\/v2\/posts\/1380","targetHints":{"allow":["GET"]}}],"collection":[{"href":"https:\/\/1932works.be\/nl\/wp-json\/wp\/v2\/posts"}],"about":[{"href":"https:\/\/1932works.be\/nl\/wp-json\/wp\/v2\/types\/post"}],"author":[{"embeddable":true,"href":"https:\/\/1932works.be\/nl\/wp-json\/wp\/v2\/users\/1"}],"replies":[{"embeddable":true,"href":"https:\/\/1932works.be\/nl\/wp-json\/wp\/v2\/comments?post=1380"}],"version-history":[{"count":3,"href":"https:\/\/1932works.be\/nl\/wp-json\/wp\/v2\/posts\/1380\/revisions"}],"predecessor-version":[{"id":1385,"href":"https:\/\/1932works.be\/nl\/wp-json\/wp\/v2\/posts\/1380\/revisions\/1385"}],"wp:attachment":[{"href":"https:\/\/1932works.be\/nl\/wp-json\/wp\/v2\/media?parent=1380"}],"wp:term":[{"taxonomy":"category","embeddable":true,"href":"https:\/\/1932works.be\/nl\/wp-json\/wp\/v2\/categories?post=1380"},{"taxonomy":"post_tag","embeddable":true,"href":"https:\/\/1932works.be\/nl\/wp-json\/wp\/v2\/tags?post=1380"}],"curies":[{"name":"wp","href":"https:\/\/api.w.org\/{rel}","templated":true}]}}