{"id":1343,"date":"2024-07-01T21:58:02","date_gmt":"2024-07-01T19:58:02","guid":{"rendered":"https:\/\/1932works.be\/?p=1343"},"modified":"2024-07-15T22:01:57","modified_gmt":"2024-07-15T20:01:57","slug":"rate-du-werkvennootschap-a-sterrebeek","status":"publish","type":"post","link":"https:\/\/1932works.be\/nl\/2024\/07\/01\/rate-du-werkvennootschap-a-sterrebeek\/","title":{"rendered":"Flop van de Werkvennootschap te Sterrebeek !"},"content":{"rendered":"<p>De werken op het kruispunt van de Mechelsesteenweg en de Tramlaan in Sterrebeek zouden over twee weken klaar zijn, maar liggen al een half jaar stil. De gemeente heeft \"De Werkvennootschap\" gevraagd om de werkzaamheden snel te hervatten, maar daarvoor moet onze gemeente eerst 70.000 euro betalen!<\/p>\n\n\n<style>.kb-image1343_662b2a-61 .kb-image-has-overlay:after{opacity:0.3;}<\/style>\n<figure class=\"wp-block-kadence-image kb-image1343_662b2a-61 size-large\"><img loading=\"lazy\" decoding=\"async\" width=\"1024\" height=\"527\" src=\"http:\/\/1932works.be\/wp-content\/uploads\/2024\/07\/sterrebeek-1024x527.jpg\" alt=\"\" class=\"kb-img wp-image-1344\" srcset=\"\" sizes=\"auto, (max-width: 767px) 89vw, (max-width: 1000px) 54vw, (max-width: 1071px) 543px, 580px\" data-srcset=\"\" \/><\/figure>\n\n\n\n<p>Wat ons zorgen baart, is het feit dat het de Werkvennootschap is die ook de werven op de Ring in Zaventem zal beheren!<\/p>\n\n\n\n<p>Van half oktober tot eind december vorig jaar werkte een aannemer in opdracht van \"De Werkvennootschap\" op het kruispunt van de Tramlaan, de Mechelsesteenweg, de Voskapelstraat en de Waalsestraat. Dit waren de eerste twee fasen van de aanleg van de fietssnelweg F203, die Bertem met Brussel moet verbinden. Het kruispunt kreeg een nieuwe laag asfalt, een fietspad en nieuwe verkeerslichten. Automobilisten klagen echter over langere wachttijden als gevolg van de nieuwe verkeersregels.<\/p>\n\n\n\n<p>De derde fase zou na Nieuwjaar beginnen. Zes maanden later zijn de werkzaamheden nog steeds niet begonnen. Wij zijn van mening dat de situatie het leven van fietsers in gevaar brengt en dat het onbegrijpelijk is dat de vertraging zo lang is.<\/p>\n\n\n\n<p>Burgemeester Ingrid Holemans (Open Vld) liet weten dat De Werkvennootschap na de zomervakantie van start zou gaan met de laatste fase. De gemeente drong aan op een snellere start, maar zou daarvoor 70.000 euro moeten betalen, wat ze niet wil doen voor werk dat niet onder haar bevoegdheid valt.<\/p>\n\n\n<style>.kb-image1343_11afcc-e9.kb-image-is-ratio-size, .kb-image1343_11afcc-e9 .kb-image-is-ratio-size{max-width:571px;width:100%;}.wp-block-kadence-column > .kt-inside-inner-col > .kb-image1343_11afcc-e9.kb-image-is-ratio-size, .wp-block-kadence-column > .kt-inside-inner-col > .kb-image1343_11afcc-e9 .kb-image-is-ratio-size{align-self:unset;}.kb-image1343_11afcc-e9{max-width:571px;}.image-is-svg.kb-image1343_11afcc-e9{-webkit-flex:0 1 100%;flex:0 1 100%;}.image-is-svg.kb-image1343_11afcc-e9 img{width:100%;}.kb-image1343_11afcc-e9 .kb-image-has-overlay:after{opacity:0.3;}<\/style>\n<figure class=\"wp-block-kadence-image kb-image1343_11afcc-e9 size-large\"><img loading=\"lazy\" decoding=\"async\" width=\"906\" height=\"1024\" src=\"http:\/\/1932works.be\/wp-content\/uploads\/2024\/07\/plan-werkvennootschap-906x1024.jpg\" alt=\"\" class=\"kb-img wp-image-1345\" srcset=\"\" sizes=\"auto, (max-width: 767px) 89vw, (max-width: 1000px) 54vw, (max-width: 1071px) 543px, 580px\" data-srcset=\"\" \/><\/figure>\n\n\n\n<p>Ook heeft de gemeente de Werkvennootschap gevraagd om enkele aanpassingen aan het kruispunt door te voeren. Het heeft met name opgeroepen tot het verwijderen van een centraal eiland en een herziening van het verkeerslichtregime, aangezien automobilisten langer dan voorheen bij het rode licht op deze locatie blijven. <em>We zullen het centrale eiland niet verwijderen<\/em>\", aldus de heer Struyf, woordvoerder van de Werkvennootschap.\u00a0<em>Dit zou de onveiligheid alleen maar vergroten. We willen zeker de timing van de verkeerslichten herzien, maar dit kan pas nadat alle werkzaamheden zijn afgerond. Belangrijk hierbij is dat veiligheid voorrang heeft op de doorstroming van het verkeer. Dit is een fietspad, dus veiligheid staat voorop. <\/em>\u00ab\u00a0<\/p>\n\n\n<style>.kb-image1343_07bd44-8d.kb-image-is-ratio-size, .kb-image1343_07bd44-8d .kb-image-is-ratio-size{max-width:292px;width:100%;}.wp-block-kadence-column > .kt-inside-inner-col > .kb-image1343_07bd44-8d.kb-image-is-ratio-size, .wp-block-kadence-column > .kt-inside-inner-col > .kb-image1343_07bd44-8d .kb-image-is-ratio-size{align-self:unset;}.kb-image1343_07bd44-8d figure{max-width:292px;}.kb-image1343_07bd44-8d .image-is-svg, .kb-image1343_07bd44-8d .image-is-svg img{width:100%;}.kb-image1343_07bd44-8d .kb-image-has-overlay:after{opacity:0.3;}<\/style>\n<div class=\"wp-block-kadence-image kb-image1343_07bd44-8d\"><figure class=\"aligncenter size-full\"><img loading=\"lazy\" decoding=\"async\" width=\"757\" height=\"916\" src=\"http:\/\/1932works.be\/wp-content\/uploads\/2024\/07\/plan-sterrebeek-werkenven.jpg\" alt=\"\" class=\"kb-img wp-image-1346\" srcset=\"https:\/\/1932works.be\/wp-content\/uploads\/2024\/07\/plan-sterrebeek-werkenven.jpg 757w, https:\/\/1932works.be\/wp-content\/uploads\/2024\/07\/plan-sterrebeek-werkenven-248x300.jpg 248w, https:\/\/1932works.be\/wp-content\/uploads\/2024\/07\/plan-sterrebeek-werkenven-10x12.jpg 10w\" sizes=\"auto, (max-width: 706px) 89vw, (max-width: 767px) 82vw, 740px\" \/><\/figure><\/div>\n\n\n\n<p>We merken dan ook heel wat verschillen tussen de gemeente Zaventem en de Werkvennootschap. Het was 1932works.be dat in 2018 de noodklok luidde over een mogelijke totale afsluiting van de Woluwedal met de Brusselse Ring te Sint-Stevens Woluwe.<\/p>\n\n\n\n<p>Het voorstel van de Werkvennootschap om deze zeer trage bouwwerf te versnellen tegen een meerprijs van 70.000 euro interesseerde de pers (Het Laatste Nieuws), die er een artikel over schreef.<\/p>\n<!-- AddThis Advanced Settings generic via filter on the_content -->","protected":false},"excerpt":{"rendered":"<p>Les travaux \u00e0 l&rsquo;intersection de la Mechelsesteenweg et de la Tramlaan \u00e0 Sterrebeek devaient normalement se terminer en deux semaines, mais ils sont \u00e0 l&rsquo;arr\u00eat depuis six mois. La commune a demand\u00e9 \u00e0 \u00ab\u00a0De Werkvennootschap\u00a0\u00bb de reprendre rapidement les travaux, mais pour ce faire, elle doit d&rsquo;abord payer 70 000 euros ! Ce qui nous &hellip; <\/p>\n<p class=\"link-more\"><a href=\"https:\/\/1932works.be\/nl\/2024\/07\/01\/rate-du-werkvennootschap-a-sterrebeek\/\" class=\"more-link\">Lees verder <span class=\"screen-reader-text\">\u00ab\u00a0Rat\u00e9 du Werkvennootschap \u00e0 Sterrebeek !\u00a0\u00bb<\/span><\/a><\/p>\n<p><!-- AddThis Advanced Settings generic via filter on get_the_excerpt --><\/p>","protected":false},"author":1,"featured_media":0,"comment_status":"open","ping_status":"open","sticky":false,"template":"","format":"standard","meta":{"footnotes":""},"categories":[1],"tags":[],"class_list":["post-1343","post","type-post","status-publish","format-standard","hentry","category-non-classe"],"aioseo_notices":[],"_links":{"self":[{"href":"https:\/\/1932works.be\/nl\/wp-json\/wp\/v2\/posts\/1343","targetHints":{"allow":["GET"]}}],"collection":[{"href":"https:\/\/1932works.be\/nl\/wp-json\/wp\/v2\/posts"}],"about":[{"href":"https:\/\/1932works.be\/nl\/wp-json\/wp\/v2\/types\/post"}],"author":[{"embeddable":true,"href":"https:\/\/1932works.be\/nl\/wp-json\/wp\/v2\/users\/1"}],"replies":[{"embeddable":true,"href":"https:\/\/1932works.be\/nl\/wp-json\/wp\/v2\/comments?post=1343"}],"version-history":[{"count":2,"href":"https:\/\/1932works.be\/nl\/wp-json\/wp\/v2\/posts\/1343\/revisions"}],"predecessor-version":[{"id":1349,"href":"https:\/\/1932works.be\/nl\/wp-json\/wp\/v2\/posts\/1343\/revisions\/1349"}],"wp:attachment":[{"href":"https:\/\/1932works.be\/nl\/wp-json\/wp\/v2\/media?parent=1343"}],"wp:term":[{"taxonomy":"category","embeddable":true,"href":"https:\/\/1932works.be\/nl\/wp-json\/wp\/v2\/categories?post=1343"},{"taxonomy":"post_tag","embeddable":true,"href":"https:\/\/1932works.be\/nl\/wp-json\/wp\/v2\/tags?post=1343"}],"curies":[{"name":"wp","href":"https:\/\/api.w.org\/{rel}","templated":true}]}}